{"id":8885,"date":"2025-12-07T12:01:41","date_gmt":"2025-12-07T12:01:41","guid":{"rendered":"https:\/\/elmenytarpecs.hu\/?p=8885"},"modified":"2025-12-07T12:03:07","modified_gmt":"2025-12-07T12:03:07","slug":"nem-igy-kepzeled-el-a-gyerekkort-miert-fontos-beszelnunk-a-gyermekszegenysegrol","status":"publish","type":"post","link":"https:\/\/elmenytarpecs.hu\/en\/nem-igy-kepzeled-el-a-gyerekkort-miert-fontos-beszelnunk-a-gyermekszegenysegrol\/","title":{"rendered":"\u201eThis is not your idea of childhood\u201d - Why is it important to talk about child poverty?"},"content":{"rendered":"<div data-elementor-type=\"wp-post\" data-elementor-id=\"8885\" class=\"elementor elementor-8885\" data-elementor-post-type=\"post\">\n\t\t\t\t<div class=\"elementor-element elementor-element-536d1f9 e-flex e-con-boxed e-con e-parent\" data-id=\"536d1f9\" data-element_type=\"container\">\n\t\t\t\t\t<div class=\"e-con-inner\">\n\t\t\t\t<div class=\"elementor-element elementor-element-c97e38d elementor-widget elementor-widget-heading\" data-id=\"c97e38d\" data-element_type=\"widget\" data-widget_type=\"heading.default\">\n\t\t\t\t<div class=\"elementor-widget-container\">\n\t\t\t\t\t<h2 class=\"elementor-heading-title elementor-size-default\">\u201eThis is not your idea of childhood\u201d - Why is it important to talk about child poverty?\n<\/h2>\t\t\t\t<\/div>\n\t\t\t\t<\/div>\n\t\t\t\t<div class=\"elementor-element elementor-element-a67d1e1 elementor-widget elementor-widget-text-editor\" data-id=\"a67d1e1\" data-element_type=\"widget\" data-widget_type=\"text-editor.default\">\n\t\t\t\t<div class=\"elementor-widget-container\">\n\t\t\t\t\t\t\t\t\t<p>Ha elk\u00e9pzelsz egy gyerekkort, val\u00f3sz\u00edn\u0171leg nem az jut eszedbe, hogy nincs reggeli, hogy egy cip\u0151t hordanak testv\u00e9rek egym\u00e1s ut\u00e1n, vagy hogy egy kisgyerek azon gondolkodik: hogyan seg\u00edtsen otthon, ha nincs el\u00e9g p\u00e9nz. Pedig Magyarorsz\u00e1gon ma gyerekek t\u00edzezrei \u00e9lnek \u00edgy. Nem a saj\u00e1t hib\u00e1jukb\u00f3l. Nem az\u00e9rt, mert a sz\u00fcleik ne szeretn\u00e9k \u0151ket. Hanem az\u00e9rt, mert egyes csal\u00e1doknak sokkal kevesebb jut \u2013 es\u00e9lyb\u0151l, t\u00e1mogat\u00e1sb\u00f3l, figyelemb\u0151l. Magyarorsz\u00e1gon ma t\u00f6bb mint 300 ezer gyerek \u00e9l szeg\u00e9nys\u00e9gben vagy annak k\u00fcsz\u00f6b\u00e9n.<\/p>\t\t\t\t\t\t\t\t<\/div>\n\t\t\t\t<\/div>\n\t\t\t\t<div class=\"elementor-element elementor-element-25a5845 elementor-widget elementor-widget-heading\" data-id=\"25a5845\" data-element_type=\"widget\" data-widget_type=\"heading.default\">\n\t\t\t\t<div class=\"elementor-widget-container\">\n\t\t\t\t\t<h2 class=\"elementor-heading-title elementor-size-default\">Meddig terjed, mir\u0151l sz\u00f3l?<\/h2>\t\t\t\t<\/div>\n\t\t\t\t<\/div>\n\t\t\t\t<div class=\"elementor-element elementor-element-98315c1 elementor-widget elementor-widget-text-editor\" data-id=\"98315c1\" data-element_type=\"widget\" data-widget_type=\"text-editor.default\">\n\t\t\t\t<div class=\"elementor-widget-container\">\n\t\t\t\t\t\t\t\t\t<p>A gyermekszeg\u00e9nys\u00e9g nemcsak arr\u00f3l sz\u00f3l, hogy ki mennyit keres. Hanem arr\u00f3l is, hogy milyen iskol\u00e1ba j\u00e1r egy gyerek, milyen p\u00e9ld\u00e1kat l\u00e1t maga k\u00f6r\u00fcl, hogy meg tudja-e tanulni, hogy \u00e9rt\u00e9kes \u2013 akkor is, ha nehezebben indul. Arr\u00f3l is sz\u00f3l, hogy elhiszi-e mag\u00e1r\u00f3l, hogy van j\u00f6v\u0151je? \u00c9s hogy van-e valaki, aki ebben meger\u0151s\u00edti?<\/p>\t\t\t\t\t\t\t\t<\/div>\n\t\t\t\t<\/div>\n\t\t\t\t<div class=\"elementor-element elementor-element-113f932 elementor-widget elementor-widget-heading\" data-id=\"113f932\" data-element_type=\"widget\" data-widget_type=\"heading.default\">\n\t\t\t\t<div class=\"elementor-widget-container\">\n\t\t\t\t\t<h2 class=\"elementor-heading-title elementor-size-default\">Hogy mit l\u00e1tunk mi?<\/h2>\t\t\t\t<\/div>\n\t\t\t\t<\/div>\n\t\t\t\t<div class=\"elementor-element elementor-element-0953d2a elementor-widget elementor-widget-text-editor\" data-id=\"0953d2a\" data-element_type=\"widget\" data-widget_type=\"text-editor.default\">\n\t\t\t\t<div class=\"elementor-widget-container\">\n\t\t\t\t\t\t\t\t\t<p>Mi az \u00c9lm\u00e9ny T\u00e1rn\u00e1l nap mint nap l\u00e1tjuk, hogy a h\u00e1tr\u00e1ny nem egyenl\u0151 a tehetetlens\u00e9ggel. Hogy egy kis odafigyel\u00e9ssel, egy t\u00e1mogat\u00f3 k\u00f6z\u00f6ss\u00e9ggel, egy \u00e9rtelmes besz\u00e9lget\u00e9ssel vagy \u00e9pp egy j\u00f3l id\u0151z\u00edtett \u00e9lm\u00e9nnyel mekkora v\u00e1ltoz\u00e1st lehet elind\u00edtani. Azt is tudjuk, hogy a gyerekek ereje elk\u00e9peszt\u0151. Hogy mennyit b\u00edrnak, mennyire k\u00edv\u00e1ncsiak, \u00e9s mennyire tudnak ragyogni, ha hisznek benn\u00fck.<\/p><p>De azt is l\u00e1tjuk, hogy egyed\u00fcl ez nem megy. Sem a csal\u00e1doknak, sem az iskol\u00e1knak, sem a seg\u00edt\u0151knek. \u00c9s nem is kell egyed\u00fcl. A gyermekszeg\u00e9nys\u00e9g olyan \u00fcgy, ami mindannyiunk k\u00f6z\u00f6s felel\u0151ss\u00e9ge. Mert nemcsak a jelen, hanem a j\u00f6v\u0151 is m\u00falik rajta. Az, hogy milyen orsz\u00e1gban \u00e9l\u00fcnk t\u00edz-h\u00fasz \u00e9v m\u00falva. Hogy feln\u0151 egy gener\u00e1ci\u00f3, amelyik tud kapcsol\u00f3dni, gondolkodni, alkotni \u2013 vagy egy olyan, amelyik m\u00e1r gyerekk\u00e9nt lemarad.<\/p>\t\t\t\t\t\t\t\t<\/div>\n\t\t\t\t<\/div>\n\t\t\t\t<div class=\"elementor-element elementor-element-a6dd76c elementor-widget elementor-widget-heading\" data-id=\"a6dd76c\" data-element_type=\"widget\" data-widget_type=\"heading.default\">\n\t\t\t\t<div class=\"elementor-widget-container\">\n\t\t\t\t\t<h2 class=\"elementor-heading-title elementor-size-default\">Fontos err\u0151l besz\u00e9lni<\/h2>\t\t\t\t<\/div>\n\t\t\t\t<\/div>\n\t\t\t\t<div class=\"elementor-element elementor-element-a69200b elementor-widget elementor-widget-text-editor\" data-id=\"a69200b\" data-element_type=\"widget\" data-widget_type=\"text-editor.default\">\n\t\t\t\t<div class=\"elementor-widget-container\">\n\t\t\t\t\t\t\t\t\t<p>&#8222;Fontos besz\u00e9lni err\u0151l&#8221; \u2013 nem f\u00e9lelemb\u0151l vagy sajn\u00e1latb\u00f3l, hanem tiszt\u00e1n \u00e9s \u0151szint\u00e9n. Az\u00e9rt, hogy \u00e9szrevegy\u00fck azokat, akik mellett tal\u00e1n eddig elment\u00fcnk. Hogy k\u00e9rdezz\u00fcnk, kapcsol\u00f3djunk, cselekedj\u00fcnk. Nem kell hozz\u00e1 hatalmas dolgokat tenni. El\u00e9g, ha n\u00e9ha kinyitjuk az ajt\u00f3t. Ha lehet\u0151s\u00e9get adunk. Ha nem hissz\u00fck el, hogy \u201eez mindig is \u00edgy volt\u201d.<\/p><p>Mi hisz\u00fcnk abban, hogy egy gyerek sem maradhat ki abb\u00f3l, ami \u00e9p\u00edt, \u00f6r\u00f6met ad, vagy elind\u00edtja az \u00faton. \u00c9s abban is, hogy ezt nem lehet egyed\u00fcl csin\u00e1lni \u2013 csak egy\u00fctt. K\u00f6z\u00f6sen, sokan, figyelmesen.<\/p><p>Mert minden gyereknek joga van hozz\u00e1, hogy meg\u00e9lje a gyerekkor\u00e1t. \u00c9s minden feln\u0151ttnek lehet\u0151s\u00e9ge van tenni az\u00e9rt, hogy ez \u00edgy legyen.<\/p>\t\t\t\t\t\t\t\t<\/div>\n\t\t\t\t<\/div>\n\t\t\t\t\t<\/div>\n\t\t\t\t<\/div>\n\t\t<div class=\"elementor-element elementor-element-76e67db e-flex e-con-boxed e-con e-parent\" data-id=\"76e67db\" data-element_type=\"container\">\n\t\t\t\t\t<div class=\"e-con-inner\">\n\t\t\t\t<div class=\"elementor-element elementor-element-6a3c2a7 elementor-widget elementor-widget-image\" data-id=\"6a3c2a7\" data-element_type=\"widget\" data-widget_type=\"image.default\">\n\t\t\t\t<div class=\"elementor-widget-container\">\n\t\t\t\t\t\t\t\t\t\t\t\t\t\t\t<img fetchpriority=\"high\" decoding=\"async\" width=\"1024\" height=\"160\" src=\"https:\/\/elmenytarpecs.hu\/wp-content\/uploads\/2025\/12\/EU_szoveg_magas-1024x160.png\" class=\"attachment-large size-large wp-image-8888\" alt=\"\" srcset=\"https:\/\/elmenytarpecs.hu\/wp-content\/uploads\/2025\/12\/EU_szoveg_magas-1024x160.png 1024w, https:\/\/elmenytarpecs.hu\/wp-content\/uploads\/2025\/12\/EU_szoveg_magas-300x47.png 300w, https:\/\/elmenytarpecs.hu\/wp-content\/uploads\/2025\/12\/EU_szoveg_magas-768x120.png 768w, https:\/\/elmenytarpecs.hu\/wp-content\/uploads\/2025\/12\/EU_szoveg_magas-1536x240.png 1536w, https:\/\/elmenytarpecs.hu\/wp-content\/uploads\/2025\/12\/EU_szoveg_magas-2048x319.png 2048w, https:\/\/elmenytarpecs.hu\/wp-content\/uploads\/2025\/12\/EU_szoveg_magas-18x3.png 18w, https:\/\/elmenytarpecs.hu\/wp-content\/uploads\/2025\/12\/EU_szoveg_magas-600x94.png 600w\" sizes=\"(max-width: 1024px) 100vw, 1024px\" \/>\t\t\t\t\t\t\t\t\t\t\t\t\t\t\t<\/div>\n\t\t\t\t<\/div>\n\t\t\t\t<div class=\"elementor-element elementor-element-1b1a45e elementor-widget elementor-widget-image\" data-id=\"1b1a45e\" data-element_type=\"widget\" data-widget_type=\"image.default\">\n\t\t\t\t<div class=\"elementor-widget-container\">\n\t\t\t\t\t\t\t\t\t\t\t\t\t\t\t<img decoding=\"async\" width=\"1024\" height=\"114\" src=\"https:\/\/elmenytarpecs.hu\/wp-content\/uploads\/2025\/12\/KEP_logok_nyujtott-1024x114.png\" class=\"attachment-large size-large wp-image-8889\" alt=\"\" srcset=\"https:\/\/elmenytarpecs.hu\/wp-content\/uploads\/2025\/12\/KEP_logok_nyujtott-1024x114.png 1024w, https:\/\/elmenytarpecs.hu\/wp-content\/uploads\/2025\/12\/KEP_logok_nyujtott-300x33.png 300w, https:\/\/elmenytarpecs.hu\/wp-content\/uploads\/2025\/12\/KEP_logok_nyujtott-768x85.png 768w, https:\/\/elmenytarpecs.hu\/wp-content\/uploads\/2025\/12\/KEP_logok_nyujtott-1536x171.png 1536w, https:\/\/elmenytarpecs.hu\/wp-content\/uploads\/2025\/12\/KEP_logok_nyujtott-18x2.png 18w, https:\/\/elmenytarpecs.hu\/wp-content\/uploads\/2025\/12\/KEP_logok_nyujtott-600x67.png 600w, https:\/\/elmenytarpecs.hu\/wp-content\/uploads\/2025\/12\/KEP_logok_nyujtott.png 1871w\" sizes=\"(max-width: 1024px) 100vw, 1024px\" \/>\t\t\t\t\t\t\t\t\t\t\t\t\t\t\t<\/div>\n\t\t\t\t<\/div>\n\t\t\t\t\t<\/div>\n\t\t\t\t<\/div>\n\t\t\t\t<\/div>","protected":false},"excerpt":{"rendered":"<p>\u201eNem \u00edgy k\u00e9pzeled el a gyerekkort\u201d \u2013 Mi\u00e9rt fontos besz\u00e9ln\u00fcnk a gyermekszeg\u00e9nys\u00e9gr\u0151l? Ha elk\u00e9pzelsz egy gyerekkort, val\u00f3sz\u00edn\u0171leg nem az jut eszedbe, hogy nincs reggeli, hogy egy cip\u0151t hordanak testv\u00e9rek egym\u00e1s ut\u00e1n, vagy hogy egy kisgyerek azon gondolkodik: hogyan seg\u00edtsen otthon, ha nincs el\u00e9g p\u00e9nz. Pedig Magyarorsz\u00e1gon ma gyerekek t\u00edzezrei \u00e9lnek \u00edgy. Nem a saj\u00e1t hib\u00e1jukb\u00f3l. [&hellip;]<\/p>","protected":false},"author":1,"featured_media":8887,"comment_status":"closed","ping_status":"open","sticky":false,"template":"","format":"standard","meta":{"site-sidebar-layout":"default","site-content-layout":"","ast-site-content-layout":"default","site-content-style":"default","site-sidebar-style":"default","ast-global-header-display":"","ast-banner-title-visibility":"","ast-main-header-display":"","ast-hfb-above-header-display":"","ast-hfb-below-header-display":"","ast-hfb-mobile-header-display":"","site-post-title":"disabled","ast-breadcrumbs-content":"","ast-featured-img":"","footer-sml-layout":"","ast-disable-related-posts":"","theme-transparent-header-meta":"","adv-header-id-meta":"","stick-header-meta":"","header-above-stick-meta":"","header-main-stick-meta":"","header-below-stick-meta":"","astra-migrate-meta-layouts":"set","ast-page-background-enabled":"default","ast-page-background-meta":{"desktop":{"background-color":"","background-image":"","background-repeat":"repeat","background-position":"center center","background-size":"auto","background-attachment":"scroll","background-type":"","background-media":"","overlay-type":"","overlay-color":"","overlay-opacity":"","overlay-gradient":""},"tablet":{"background-color":"","background-image":"","background-repeat":"repeat","background-position":"center center","background-size":"auto","background-attachment":"scroll","background-type":"","background-media":"","overlay-type":"","overlay-color":"","overlay-opacity":"","overlay-gradient":""},"mobile":{"background-color":"","background-image":"","background-repeat":"repeat","background-position":"center center","background-size":"auto","background-attachment":"scroll","background-type":"","background-media":"","overlay-type":"","overlay-color":"","overlay-opacity":"","overlay-gradient":""}},"ast-content-background-meta":{"desktop":{"background-color":"var(--ast-global-color-5)","background-image":"","background-repeat":"repeat","background-position":"center center","background-size":"auto","background-attachment":"scroll","background-type":"","background-media":"","overlay-type":"","overlay-color":"","overlay-opacity":"","overlay-gradient":""},"tablet":{"background-color":"var(--ast-global-color-5)","background-image":"","background-repeat":"repeat","background-position":"center center","background-size":"auto","background-attachment":"scroll","background-type":"","background-media":"","overlay-type":"","overlay-color":"","overlay-opacity":"","overlay-gradient":""},"mobile":{"background-color":"var(--ast-global-color-5)","background-image":"","background-repeat":"repeat","background-position":"center center","background-size":"auto","background-attachment":"scroll","background-type":"","background-media":"","overlay-type":"","overlay-color":"","overlay-opacity":"","overlay-gradient":""}},"footnotes":""},"categories":[1],"tags":[],"class_list":["post-8885","post","type-post","status-publish","format-standard","has-post-thumbnail","hentry","category-blog"],"_links":{"self":[{"href":"https:\/\/elmenytarpecs.hu\/en\/wp-json\/wp\/v2\/posts\/8885","targetHints":{"allow":["GET"]}}],"collection":[{"href":"https:\/\/elmenytarpecs.hu\/en\/wp-json\/wp\/v2\/posts"}],"about":[{"href":"https:\/\/elmenytarpecs.hu\/en\/wp-json\/wp\/v2\/types\/post"}],"author":[{"embeddable":true,"href":"https:\/\/elmenytarpecs.hu\/en\/wp-json\/wp\/v2\/users\/1"}],"replies":[{"embeddable":true,"href":"https:\/\/elmenytarpecs.hu\/en\/wp-json\/wp\/v2\/comments?post=8885"}],"version-history":[{"count":4,"href":"https:\/\/elmenytarpecs.hu\/en\/wp-json\/wp\/v2\/posts\/8885\/revisions"}],"predecessor-version":[{"id":8892,"href":"https:\/\/elmenytarpecs.hu\/en\/wp-json\/wp\/v2\/posts\/8885\/revisions\/8892"}],"wp:featuredmedia":[{"embeddable":true,"href":"https:\/\/elmenytarpecs.hu\/en\/wp-json\/wp\/v2\/media\/8887"}],"wp:attachment":[{"href":"https:\/\/elmenytarpecs.hu\/en\/wp-json\/wp\/v2\/media?parent=8885"}],"wp:term":[{"taxonomy":"category","embeddable":true,"href":"https:\/\/elmenytarpecs.hu\/en\/wp-json\/wp\/v2\/categories?post=8885"},{"taxonomy":"post_tag","embeddable":true,"href":"https:\/\/elmenytarpecs.hu\/en\/wp-json\/wp\/v2\/tags?post=8885"}],"curies":[{"name":"wp","href":"https:\/\/api.w.org\/{rel}","templated":true}]}}